{"id":4422,"date":"2024-07-06T15:00:00","date_gmt":"2024-07-06T18:00:00","guid":{"rendered":"https:\/\/inspiremais.com\/blog\/?p=4422"},"modified":"2024-07-30T09:56:21","modified_gmt":"2024-07-30T12:56:21","slug":"4-eventos-de-educacao-para-gestores-em-2024","status":"publish","type":"post","link":"https:\/\/inspiremais.com\/blog\/4-eventos-de-educacao-para-gestores-em-2024\/","title":{"rendered":"4 eventos de educa\u00e7\u00e3o que todo gestor deve participar"},"content":{"rendered":"<div id=\"ez-toc-container\" class=\"ez-toc-v2_0_74 counter-hierarchy ez-toc-counter ez-toc-grey ez-toc-container-direction\">\n<div class=\"ez-toc-title-container\">\n<p class=\"ez-toc-title\" style=\"cursor:inherit\">\u00cdndice<\/p>\n<span class=\"ez-toc-title-toggle\"><a href=\"#\" class=\"ez-toc-pull-right ez-toc-btn ez-toc-btn-xs ez-toc-btn-default ez-toc-toggle\" aria-label=\"Alternar tabela de conte\u00fado\"><span class=\"ez-toc-js-icon-con\"><span class=\"\"><span class=\"eztoc-hide\" style=\"display:none;\">Toggle<\/span><span class=\"ez-toc-icon-toggle-span\"><svg style=\"fill: #999;color:#999\" xmlns=\"http:\/\/www.w3.org\/2000\/svg\" class=\"list-377408\" width=\"20px\" height=\"20px\" viewBox=\"0 0 24 24\" fill=\"none\"><path d=\"M6 6H4v2h2V6zm14 0H8v2h12V6zM4 11h2v2H4v-2zm16 0H8v2h12v-2zM4 16h2v2H4v-2zm16 0H8v2h12v-2z\" fill=\"currentColor\"><\/path><\/svg><svg style=\"fill: #999;color:#999\" class=\"arrow-unsorted-368013\" xmlns=\"http:\/\/www.w3.org\/2000\/svg\" width=\"10px\" height=\"10px\" viewBox=\"0 0 24 24\" version=\"1.2\" baseProfile=\"tiny\"><path d=\"M18.2 9.3l-6.2-6.3-6.2 6.3c-.2.2-.3.4-.3.7s.1.5.3.7c.2.2.4.3.7.3h11c.3 0 .5-.1.7-.3.2-.2.3-.5.3-.7s-.1-.5-.3-.7zM5.8 14.7l6.2 6.3 6.2-6.3c.2-.2.3-.5.3-.7s-.1-.5-.3-.7c-.2-.2-.4-.3-.7-.3h-11c-.3 0-.5.1-.7.3-.2.2-.3.5-.3.7s.1.5.3.7z\"\/><\/svg><\/span><\/span><\/span><\/a><\/span><\/div>\n<nav><ul class='ez-toc-list ez-toc-list-level-1 ' ><li class='ez-toc-page-1 ez-toc-heading-level-2'><a class=\"ez-toc-link ez-toc-heading-1\" href=\"https:\/\/inspiremais.com\/blog\/4-eventos-de-educacao-para-gestores-em-2024\/#Beneficios_de_participar_de_eventos_de_educacao\" >Benef\u00edcios de participar de eventos de educa\u00e7\u00e3o<\/a><ul class='ez-toc-list-level-3' ><li class='ez-toc-heading-level-3'><a class=\"ez-toc-link ez-toc-heading-2\" href=\"https:\/\/inspiremais.com\/blog\/4-eventos-de-educacao-para-gestores-em-2024\/#Atualizacao_profissional\" >Atualiza\u00e7\u00e3o profissional<\/a><\/li><li class='ez-toc-page-1 ez-toc-heading-level-3'><a class=\"ez-toc-link ez-toc-heading-3\" href=\"https:\/\/inspiremais.com\/blog\/4-eventos-de-educacao-para-gestores-em-2024\/#Troca_de_experiencias\" >Troca de experi\u00eancias<\/a><\/li><li class='ez-toc-page-1 ez-toc-heading-level-3'><a class=\"ez-toc-link ez-toc-heading-4\" href=\"https:\/\/inspiremais.com\/blog\/4-eventos-de-educacao-para-gestores-em-2024\/#Networking\" >Networking<\/a><\/li><\/ul><\/li><li class='ez-toc-page-1 ez-toc-heading-level-2'><a class=\"ez-toc-link ez-toc-heading-5\" href=\"https:\/\/inspiremais.com\/blog\/4-eventos-de-educacao-para-gestores-em-2024\/#Eventos_de_educacao_relevantes_em_2024\" >Eventos de educa\u00e7\u00e3o relevantes em 2024<\/a><ul class='ez-toc-list-level-3' ><li class='ez-toc-heading-level-3'><a class=\"ez-toc-link ez-toc-heading-6\" href=\"https:\/\/inspiremais.com\/blog\/4-eventos-de-educacao-para-gestores-em-2024\/#V_Congresso_Internacional_de_Educacao_Inclusiva_CINTEDI\" >V Congresso Internacional de Educa\u00e7\u00e3o Inclusiva (CINTEDI)<\/a><\/li><li class='ez-toc-page-1 ez-toc-heading-level-3'><a class=\"ez-toc-link ez-toc-heading-7\" href=\"https:\/\/inspiremais.com\/blog\/4-eventos-de-educacao-para-gestores-em-2024\/#_Congresso_Internacional_de_Educacao_e_Tecnologias_e_de_Educacao_a_Distancia_CIET\" >&nbsp;Congresso Internacional de Educa\u00e7\u00e3o e Tecnologias e de Educa\u00e7\u00e3o a Dist\u00e2ncia (CIET)<\/a><\/li><li class='ez-toc-page-1 ez-toc-heading-level-3'><a class=\"ez-toc-link ez-toc-heading-8\" href=\"https:\/\/inspiremais.com\/blog\/4-eventos-de-educacao-para-gestores-em-2024\/#ExpoEduc\" >ExpoEduc<\/a><\/li><li class='ez-toc-page-1 ez-toc-heading-level-3'><a class=\"ez-toc-link ez-toc-heading-9\" href=\"https:\/\/inspiremais.com\/blog\/4-eventos-de-educacao-para-gestores-em-2024\/#Futuro_Expo\" >Futuro Expo<\/a><\/li><\/ul><\/li><li class='ez-toc-page-1 ez-toc-heading-level-2'><a class=\"ez-toc-link ez-toc-heading-10\" href=\"https:\/\/inspiremais.com\/blog\/4-eventos-de-educacao-para-gestores-em-2024\/#Conclusao\" >Conclus\u00e3o<\/a><\/li><\/ul><\/nav><\/div>\n<div id=\"bsf_rt_marker\"><\/div>\n<p>Toda institui\u00e7\u00e3o de ensino deve estar inserida na sociedade e acompanhar as tend\u00eancias do ambiente que a cerca. Dessa forma, conhecer o calend\u00e1rio comemorativo do ano se torna importante para promover a\u00e7\u00f5es pedag\u00f3gicas que educam e engajam os estudantes de maneira relevante e significativa.<\/p>\n\n\n\n<p>Dentro da gest\u00e3o escolar, \u00e9 de suma import\u00e2ncia acompanhar os eventos de educa\u00e7\u00e3o, independentemente das diferen\u00e7as regionais e contextuais, pois muitos desafios enfrentados pelas institui\u00e7\u00f5es de ensino s\u00e3o semelhantes. <strong>Por isso, conhecer e compartilhar as experi\u00eancias de colegas, l\u00edderes, pensadores e parceiros se torna uma fonte de aprendizado.<\/strong><\/p>\n\n\n\n<p>Participar de feiras, congressos e eventos de educa\u00e7\u00e3o \u00e9 uma das estrat\u00e9gias para gestores escolares se manterem atualizados. Esses eventos s\u00e3o projetados para facilitar a troca de informa\u00e7\u00f5es e o estabelecimento de contatos profissionais valiosos.&nbsp;<\/p>\n\n\n\n<p><strong>As intera\u00e7\u00f5es durante as pausas, nos corredores ou entre debates e mesas redondas podem resultar em colabora\u00e7\u00f5es e novas ideias para enfrentar os desafios do setor.<\/strong><\/p>\n\n\n\n<p><strong>Leia tamb\u00e9m &gt;&gt;&gt; <\/strong><a href=\"https:\/\/inspiremais.com\/blog\/gestao-de-processos-educacionais-em-2024\/\"><strong>O que se deve considerar ao fazer a gest\u00e3o de processos educacionais?<\/strong><\/a><\/p>\n\n\n\n<h2 class=\"wp-block-heading\"><span class=\"ez-toc-section\" id=\"Beneficios_de_participar_de_eventos_de_educacao\"><\/span>Benef\u00edcios de participar de eventos de educa\u00e7\u00e3o<span class=\"ez-toc-section-end\"><\/span><\/h2>\n\n\n\n<h3 class=\"wp-block-heading\"><span class=\"ez-toc-section\" id=\"Atualizacao_profissional\"><\/span>Atualiza\u00e7\u00e3o profissional<span class=\"ez-toc-section-end\"><\/span><\/h3>\n\n\n\n<p>O setor educacional est\u00e1 em constante evolu\u00e7\u00e3o, com a introdu\u00e7\u00e3o de novas tecnologias tanto em sala de aula quanto na administra\u00e7\u00e3o escolar.&nbsp;<\/p>\n\n\n\n<p><a href=\"https:\/\/download.inep.gov.br\/publicacoes\/institucionais\/estatisticas_e_indicadores\/resumo_tecnico_censo_escolar_2022.pdf\">Segundo o Censo Escolar, h\u00e1 uma retomada nas matr\u00edculas em institui\u00e7\u00f5es de ensino particulares, refletindo o dinamismo atual do setor.<\/a><\/p>\n\n\n\n<p><strong>Eventos como congressos, semin\u00e1rios, workshops e simp\u00f3sios re\u00fanem tend\u00eancias do mercado, facilitando o trabalho das equipes em se manterem constantemente atualizadas.<\/strong><\/p>\n\n\n\n<h3 class=\"wp-block-heading\"><span class=\"ez-toc-section\" id=\"Troca_de_experiencias\"><\/span>Troca de experi\u00eancias<span class=\"ez-toc-section-end\"><\/span><\/h3>\n\n\n\n<p>A troca de experi\u00eancias \u00e9 uma das maiores vantagens de participar de eventos educacionais. Profissionais da \u00e1rea t\u00eam a oportunidade de compartilhar e aprender solu\u00e7\u00f5es e estrat\u00e9gias que podem ser aplicadas em suas institui\u00e7\u00f5es.&nbsp;<\/p>\n\n\n\n<p><strong>Uma institui\u00e7\u00e3o pode estar mais avan\u00e7ada em determinada estrat\u00e9gia e pode compartilhar como superou desafios espec\u00edficos, proporcionando um ganho de aprendizado significativo para todos os participantes.<\/strong><\/p>\n\n\n\n<h3 class=\"wp-block-heading\"><span class=\"ez-toc-section\" id=\"Networking\"><\/span>Networking<span class=\"ez-toc-section-end\"><\/span><\/h3>\n\n\n\n<p>A inova\u00e7\u00e3o no setor educacional \u00e9 frequentemente impulsionada por colabora\u00e7\u00f5es e parcerias. Eventos do setor oferecem um ambiente prop\u00edcio para formar e fortalecer essas conex\u00f5es, que podem resultar em a\u00e7\u00f5es conjuntas e projetos colaborativos.<\/p>\n\n\n\n<h2 class=\"wp-block-heading\"><span class=\"ez-toc-section\" id=\"Eventos_de_educacao_relevantes_em_2024\"><\/span>Eventos de educa\u00e7\u00e3o relevantes em 2024<span class=\"ez-toc-section-end\"><\/span><\/h2>\n\n\n\n<h3 class=\"wp-block-heading\"><span class=\"ez-toc-section\" id=\"V_Congresso_Internacional_de_Educacao_Inclusiva_CINTEDI\"><\/span><a href=\"https:\/\/www.cintedi.com.br\/\">V Congresso Internacional de Educa\u00e7\u00e3o Inclusiva (CINTEDI)<\/a><span class=\"ez-toc-section-end\"><\/span><\/h3>\n\n\n\n<ul class=\"wp-block-list\">\n<li><strong>Quando:<\/strong> 12 a 14 de junho<\/li>\n\n\n\n<li><strong>Onde:<\/strong> Centro de Conven\u00e7\u00f5es Raymundo Asfora, Garden Hotel, Campina Grande (PB)<\/li>\n\n\n\n<li><strong>O que \u00e9:<\/strong> evento focado em promover conhecimento cient\u00edfico e debates sobre educa\u00e7\u00e3o inclusiva, diversidade e direitos humanos.<\/li>\n\n\n\n<li><strong>Por que participar: <\/strong>o evento incentiva a troca de experi\u00eancias em temas relevantes, colocando gestores em contato com pesquisadores renomados.<\/li>\n\n\n\n<li><strong>O que esperar:<\/strong> o tema \u201cEduca\u00e7\u00e3o Inclusiva, Diversidade e Direitos Humanos: tecendo redes de solidariedade na sociedade p\u00f3s-moderna\u201d guiar\u00e1 os debates.<\/li>\n<\/ul>\n\n\n\n<h3 class=\"wp-block-heading\"><span class=\"ez-toc-section\" id=\"_Congresso_Internacional_de_Educacao_e_Tecnologias_e_de_Educacao_a_Distancia_CIET\"><\/span><a href=\"https:\/\/ciet.ufscar.br\/\">&nbsp;Congresso Internacional de Educa\u00e7\u00e3o e Tecnologias e de Educa\u00e7\u00e3o a Dist\u00e2ncia (CIET)<\/a><span class=\"ez-toc-section-end\"><\/span><\/h3>\n\n\n\n<ul class=\"wp-block-list\">\n<li><strong>Quando:<\/strong> 4 a 14 de julho<\/li>\n\n\n\n<li><strong>Onde:<\/strong> Universidade Federal de S\u00e3o Carlos (UFSCar), S\u00e3o Carlos (SP)<\/li>\n\n\n\n<li><strong>O que \u00e9:<\/strong> encontro tradicional que monitora o avan\u00e7o da educa\u00e7\u00e3o a dist\u00e2ncia e das tecnologias aplicadas a ela.<\/li>\n\n\n\n<li><strong>Por que participar:<\/strong> o tema \u201cAprendizagem cr\u00edtica e criativa na cultura digital\u201d ser\u00e1 explorado online e presencialmente, proporcionando flexibilidade aos participantes.<\/li>\n\n\n\n<li><strong>O que esperar:<\/strong> apresenta\u00e7\u00e3o de trabalhos, oficinas e uma vasta programa\u00e7\u00e3o de palestras.<\/li>\n<\/ul>\n\n\n\n<h3 class=\"wp-block-heading\"><span class=\"ez-toc-section\" id=\"ExpoEduc\"><\/span><a href=\"https:\/\/www.expoeduc.com.br\/\">ExpoEduc<\/a><span class=\"ez-toc-section-end\"><\/span><\/h3>\n\n\n\n<ul class=\"wp-block-list\">\n<li><strong>Quando: <\/strong>25 a 27 de julho<\/li>\n\n\n\n<li><strong>Onde:<\/strong> Centro de Conven\u00e7\u00f5es de Natal, Natal (RN)<\/li>\n\n\n\n<li><strong>O que \u00e9:<\/strong> maior congresso educacional das regi\u00f5es Norte e Nordeste do Brasil.<\/li>\n\n\n\n<li><strong>Por que participar: <\/strong>evento de grande porte com mais de 3.800 inscritos e 100 palestrantes em 2023.<\/li>\n\n\n\n<li><strong>O que esperar:<\/strong> temas de relev\u00e2ncia para o setor abordados por especialistas e l\u00edderes de refer\u00eancia, com foco em \u201cO que a Escola precisa Aprender antes de Ensinar\u201d.<\/li>\n<\/ul>\n\n\n\n<h3 class=\"wp-block-heading\"><span class=\"ez-toc-section\" id=\"Futuro_Expo\"><\/span><a href=\"https:\/\/futuroeventos.com.br\/evento\/futuro-expo-2024\/\">Futuro Expo<\/a><span class=\"ez-toc-section-end\"><\/span><\/h3>\n\n\n\n<ul class=\"wp-block-list\">\n<li><strong>Quando:<\/strong> 14 a 17 de agosto<\/li>\n\n\n\n<li><strong>Onde:<\/strong> Distrito Anhembi, S\u00e3o Paulo (SP)<\/li>\n\n\n\n<li><strong>O que \u00e9:<\/strong> evento dedicado ao futuro do ensino brasileiro.<\/li>\n\n\n\n<li><strong>Por que participa<\/strong>r: programa\u00e7\u00e3o que valoriza a intera\u00e7\u00e3o entre diversos atores do setor educacional.<\/li>\n\n\n\n<li><strong>O que esperar:<\/strong> foco em tend\u00eancias e caminhos para o futuro da educa\u00e7\u00e3o.<\/li>\n<\/ul>\n\n\n\n<h2 class=\"wp-block-heading\"><span class=\"ez-toc-section\" id=\"Conclusao\"><\/span>Conclus\u00e3o<span class=\"ez-toc-section-end\"><\/span><\/h2>\n\n\n\n<p>Para gestores escolares, a participa\u00e7\u00e3o em eventos educacionais \u00e9 uma oportunidade de ouro para atualiza\u00e7\u00e3o profissional, troca de experi\u00eancias e constru\u00e7\u00e3o de uma rede de contatos interessante. J\u00e1 para o setor h\u00e1 a necessidade de participa\u00e7\u00f5es em eventos de educa\u00e7\u00e3o para manter a sua institui\u00e7\u00e3o alinhada com as tend\u00eancias e desafios dos nossos dias atuais.<\/p>\n\n\n\n<p><strong>Al\u00e9m disso, conhecer o <a href=\"https:\/\/inspiremais.com\/blog\/como-celebrar-datas-comemorativas-na-escola\/\" data-type=\"link\" data-id=\"https:\/\/inspiremais.com\/blog\/como-celebrar-datas-comemorativas-na-escola\/\">calend\u00e1rio de datas comemorativas<\/a> e integr\u00e1-las ao planejamento pedag\u00f3gico pode enriquecer significativamente a experi\u00eancia educacional dos seus estudantes.<\/strong><\/p>\n","protected":false},"excerpt":{"rendered":"<p>Toda institui\u00e7\u00e3o de ensino deve estar inserida na sociedade e acompanhar as tend\u00eancias do ambiente que a cerca. Dessa forma, conhecer o calend\u00e1rio comemorativo do ano se torna importante para promover a\u00e7\u00f5es pedag\u00f3gicas que educam e engajam os estudantes de maneira relevante e significativa. Dentro da gest\u00e3o escolar, \u00e9 de suma import\u00e2ncia acompanhar os eventos [&hellip;]<\/p>\n","protected":false},"author":9,"featured_media":4425,"comment_status":"open","ping_status":"open","sticky":false,"template":"","format":"standard","meta":{"footnotes":""},"categories":[1],"tags":[],"class_list":["post-4422","post","type-post","status-publish","format-standard","has-post-thumbnail","hentry","category-blog"],"yoast_head":"<!-- This site is optimized with the Yoast SEO plugin v25.3.1 - https:\/\/yoast.com\/wordpress\/plugins\/seo\/ -->\n<title>4 eventos de educa\u00e7\u00e3o que todo gestor deve participar - Inspire+<\/title>\n<meta name=\"robots\" content=\"noindex, follow, max-snippet:-1, max-image-preview:large, max-video-preview:-1\" \/>\n<meta property=\"og:locale\" content=\"pt_BR\" \/>\n<meta property=\"og:type\" content=\"article\" \/>\n<meta property=\"og:title\" content=\"4 eventos de educa\u00e7\u00e3o que todo gestor deve participar - Inspire+\" \/>\n<meta property=\"og:description\" content=\"Toda institui\u00e7\u00e3o de ensino deve estar inserida na sociedade e acompanhar as tend\u00eancias do ambiente que a cerca. Dessa forma, conhecer o calend\u00e1rio comemorativo do ano se torna importante para promover a\u00e7\u00f5es pedag\u00f3gicas que educam e engajam os estudantes de maneira relevante e significativa. Dentro da gest\u00e3o escolar, \u00e9 de suma import\u00e2ncia acompanhar os eventos [&hellip;]\" \/>\n<meta property=\"og:url\" content=\"https:\/\/inspiremais.com\/blog\/4-eventos-de-educacao-para-gestores-em-2024\/\" \/>\n<meta property=\"og:site_name\" content=\"Inspire+\" \/>\n<meta property=\"article:publisher\" content=\"https:\/\/www.facebook.com\/inspiremaismktdigital\" \/>\n<meta property=\"article:published_time\" content=\"2024-07-06T18:00:00+00:00\" \/>\n<meta property=\"article:modified_time\" content=\"2024-07-30T12:56:21+00:00\" \/>\n<meta property=\"og:image\" content=\"https:\/\/inspiremais.com\/blog\/wp-content\/uploads\/2024\/07\/4-eventos-de-educacao-de-que-todo-gestor-deve-participar_capa.png\" \/>\n\t<meta property=\"og:image:width\" content=\"1080\" \/>\n\t<meta property=\"og:image:height\" content=\"1080\" \/>\n\t<meta property=\"og:image:type\" content=\"image\/png\" \/>\n<meta name=\"author\" content=\"Andrey Schmitt\" \/>\n<meta name=\"twitter:card\" content=\"summary_large_image\" \/>\n<meta name=\"twitter:label1\" content=\"Escrito por\" \/>\n\t<meta name=\"twitter:data1\" content=\"Andrey Schmitt\" \/>\n\t<meta name=\"twitter:label2\" content=\"Est. tempo de leitura\" \/>\n\t<meta name=\"twitter:data2\" content=\"4 minutos\" \/>\n<script type=\"application\/ld+json\" class=\"yoast-schema-graph\">{\"@context\":\"https:\/\/schema.org\",\"@graph\":[{\"@type\":\"Article\",\"@id\":\"https:\/\/inspiremais.com\/blog\/4-eventos-de-educacao-para-gestores-em-2024\/#article\",\"isPartOf\":{\"@id\":\"https:\/\/inspiremais.com\/blog\/4-eventos-de-educacao-para-gestores-em-2024\/\"},\"author\":{\"name\":\"Andrey Schmitt\",\"@id\":\"https:\/\/inspiremais.com\/blog\/#\/schema\/person\/e1a307a4d2b71ac3dd5a6b554ce2fcfc\"},\"headline\":\"4 eventos de educa\u00e7\u00e3o que todo gestor deve participar\",\"datePublished\":\"2024-07-06T18:00:00+00:00\",\"dateModified\":\"2024-07-30T12:56:21+00:00\",\"mainEntityOfPage\":{\"@id\":\"https:\/\/inspiremais.com\/blog\/4-eventos-de-educacao-para-gestores-em-2024\/\"},\"wordCount\":795,\"commentCount\":0,\"publisher\":{\"@id\":\"https:\/\/inspiremais.com\/blog\/#organization\"},\"image\":{\"@id\":\"https:\/\/inspiremais.com\/blog\/4-eventos-de-educacao-para-gestores-em-2024\/#primaryimage\"},\"thumbnailUrl\":\"https:\/\/inspiremais.com\/blog\/wp-content\/uploads\/2024\/07\/4-eventos-de-educacao-de-que-todo-gestor-deve-participar_capa.png\",\"articleSection\":[\"Blog\"],\"inLanguage\":\"pt-BR\",\"potentialAction\":[{\"@type\":\"CommentAction\",\"name\":\"Comment\",\"target\":[\"https:\/\/inspiremais.com\/blog\/4-eventos-de-educacao-para-gestores-em-2024\/#respond\"]}]},{\"@type\":\"WebPage\",\"@id\":\"https:\/\/inspiremais.com\/blog\/4-eventos-de-educacao-para-gestores-em-2024\/\",\"url\":\"https:\/\/inspiremais.com\/blog\/4-eventos-de-educacao-para-gestores-em-2024\/\",\"name\":\"4 eventos de educa\u00e7\u00e3o que todo gestor deve participar - Inspire+\",\"isPartOf\":{\"@id\":\"https:\/\/inspiremais.com\/blog\/#website\"},\"primaryImageOfPage\":{\"@id\":\"https:\/\/inspiremais.com\/blog\/4-eventos-de-educacao-para-gestores-em-2024\/#primaryimage\"},\"image\":{\"@id\":\"https:\/\/inspiremais.com\/blog\/4-eventos-de-educacao-para-gestores-em-2024\/#primaryimage\"},\"thumbnailUrl\":\"https:\/\/inspiremais.com\/blog\/wp-content\/uploads\/2024\/07\/4-eventos-de-educacao-de-que-todo-gestor-deve-participar_capa.png\",\"datePublished\":\"2024-07-06T18:00:00+00:00\",\"dateModified\":\"2024-07-30T12:56:21+00:00\",\"inLanguage\":\"pt-BR\",\"potentialAction\":[{\"@type\":\"ReadAction\",\"target\":[\"https:\/\/inspiremais.com\/blog\/4-eventos-de-educacao-para-gestores-em-2024\/\"]}]},{\"@type\":\"ImageObject\",\"inLanguage\":\"pt-BR\",\"@id\":\"https:\/\/inspiremais.com\/blog\/4-eventos-de-educacao-para-gestores-em-2024\/#primaryimage\",\"url\":\"https:\/\/inspiremais.com\/blog\/wp-content\/uploads\/2024\/07\/4-eventos-de-educacao-de-que-todo-gestor-deve-participar_capa.png\",\"contentUrl\":\"https:\/\/inspiremais.com\/blog\/wp-content\/uploads\/2024\/07\/4-eventos-de-educacao-de-que-todo-gestor-deve-participar_capa.png\",\"width\":1080,\"height\":1080,\"caption\":\"eventos de educa\u00e7\u00e3o\"},{\"@type\":\"WebSite\",\"@id\":\"https:\/\/inspiremais.com\/blog\/#website\",\"url\":\"https:\/\/inspiremais.com\/blog\/\",\"name\":\"INSPIRE+\",\"description\":\"Estrat\u00e9gias\",\"publisher\":{\"@id\":\"https:\/\/inspiremais.com\/blog\/#organization\"},\"potentialAction\":[{\"@type\":\"SearchAction\",\"target\":{\"@type\":\"EntryPoint\",\"urlTemplate\":\"https:\/\/inspiremais.com\/blog\/?s={search_term_string}\"},\"query-input\":{\"@type\":\"PropertyValueSpecification\",\"valueRequired\":true,\"valueName\":\"search_term_string\"}}],\"inLanguage\":\"pt-BR\"},{\"@type\":\"Organization\",\"@id\":\"https:\/\/inspiremais.com\/blog\/#organization\",\"name\":\"INSPIRE+ MARKETING EDUCACIONAL\",\"url\":\"https:\/\/inspiremais.com\/blog\/\",\"logo\":{\"@type\":\"ImageObject\",\"inLanguage\":\"pt-BR\",\"@id\":\"https:\/\/inspiremais.com\/blog\/#\/schema\/logo\/image\/\",\"url\":\"https:\/\/inspiremais.com\/blog\/wp-content\/uploads\/2024\/11\/Apenas_Inspire-03.png\",\"contentUrl\":\"https:\/\/inspiremais.com\/blog\/wp-content\/uploads\/2024\/11\/Apenas_Inspire-03.png\",\"width\":4501,\"height\":1279,\"caption\":\"INSPIRE+ MARKETING EDUCACIONAL\"},\"image\":{\"@id\":\"https:\/\/inspiremais.com\/blog\/#\/schema\/logo\/image\/\"},\"sameAs\":[\"https:\/\/www.facebook.com\/inspiremaismktdigital\",\"https:\/\/www.instagram.com\/inspiremaisdigital\"]},{\"@type\":\"Person\",\"@id\":\"https:\/\/inspiremais.com\/blog\/#\/schema\/person\/e1a307a4d2b71ac3dd5a6b554ce2fcfc\",\"name\":\"Andrey Schmitt\",\"image\":{\"@type\":\"ImageObject\",\"inLanguage\":\"pt-BR\",\"@id\":\"https:\/\/inspiremais.com\/blog\/#\/schema\/person\/image\/\",\"url\":\"https:\/\/secure.gravatar.com\/avatar\/7813ef75e249c4598b87de5eb1415de045890396aae13d73dd1be2b316685046?s=96&d=mm&r=g\",\"contentUrl\":\"https:\/\/secure.gravatar.com\/avatar\/7813ef75e249c4598b87de5eb1415de045890396aae13d73dd1be2b316685046?s=96&d=mm&r=g\",\"caption\":\"Andrey Schmitt\"},\"description\":\"Meu nome \u00e9 Andrey, sou Gestor de Ensino e CEO na Inspire Mais, a maior ag\u00eancia do segmento educacional do pa\u00eds. Sou formado em Administra\u00e7\u00e3o, Gastronomia e possuo MBA em Estrat\u00e9gias de Mercado. H\u00e1 12 anos atuo e vivo a educa\u00e7\u00e3o, tendo como prop\u00f3sito pessoal conectar pessoas aos seus sonhos e objetivos atrav\u00e9s de meus neg\u00f3cios e clientes!\",\"sameAs\":[\"linkedin.com\/in\/andrey-schmitt-39ba829b\"],\"url\":\"https:\/\/inspiremais.com\/blog\/author\/andrey-schmitt\/\"}]}<\/script>\n<!-- \/ Yoast SEO plugin. -->","yoast_head_json":{"title":"4 eventos de educa\u00e7\u00e3o que todo gestor deve participar - Inspire+","robots":{"index":"noindex","follow":"follow","max-snippet":"max-snippet:-1","max-image-preview":"max-image-preview:large","max-video-preview":"max-video-preview:-1"},"og_locale":"pt_BR","og_type":"article","og_title":"4 eventos de educa\u00e7\u00e3o que todo gestor deve participar - Inspire+","og_description":"Toda institui\u00e7\u00e3o de ensino deve estar inserida na sociedade e acompanhar as tend\u00eancias do ambiente que a cerca. Dessa forma, conhecer o calend\u00e1rio comemorativo do ano se torna importante para promover a\u00e7\u00f5es pedag\u00f3gicas que educam e engajam os estudantes de maneira relevante e significativa. Dentro da gest\u00e3o escolar, \u00e9 de suma import\u00e2ncia acompanhar os eventos [&hellip;]","og_url":"https:\/\/inspiremais.com\/blog\/4-eventos-de-educacao-para-gestores-em-2024\/","og_site_name":"Inspire+","article_publisher":"https:\/\/www.facebook.com\/inspiremaismktdigital","article_published_time":"2024-07-06T18:00:00+00:00","article_modified_time":"2024-07-30T12:56:21+00:00","og_image":[{"width":1080,"height":1080,"url":"https:\/\/inspiremais.com\/blog\/wp-content\/uploads\/2024\/07\/4-eventos-de-educacao-de-que-todo-gestor-deve-participar_capa.png","type":"image\/png"}],"author":"Andrey Schmitt","twitter_card":"summary_large_image","twitter_misc":{"Escrito por":"Andrey Schmitt","Est. tempo de leitura":"4 minutos"},"schema":{"@context":"https:\/\/schema.org","@graph":[{"@type":"Article","@id":"https:\/\/inspiremais.com\/blog\/4-eventos-de-educacao-para-gestores-em-2024\/#article","isPartOf":{"@id":"https:\/\/inspiremais.com\/blog\/4-eventos-de-educacao-para-gestores-em-2024\/"},"author":{"name":"Andrey Schmitt","@id":"https:\/\/inspiremais.com\/blog\/#\/schema\/person\/e1a307a4d2b71ac3dd5a6b554ce2fcfc"},"headline":"4 eventos de educa\u00e7\u00e3o que todo gestor deve participar","datePublished":"2024-07-06T18:00:00+00:00","dateModified":"2024-07-30T12:56:21+00:00","mainEntityOfPage":{"@id":"https:\/\/inspiremais.com\/blog\/4-eventos-de-educacao-para-gestores-em-2024\/"},"wordCount":795,"commentCount":0,"publisher":{"@id":"https:\/\/inspiremais.com\/blog\/#organization"},"image":{"@id":"https:\/\/inspiremais.com\/blog\/4-eventos-de-educacao-para-gestores-em-2024\/#primaryimage"},"thumbnailUrl":"https:\/\/inspiremais.com\/blog\/wp-content\/uploads\/2024\/07\/4-eventos-de-educacao-de-que-todo-gestor-deve-participar_capa.png","articleSection":["Blog"],"inLanguage":"pt-BR","potentialAction":[{"@type":"CommentAction","name":"Comment","target":["https:\/\/inspiremais.com\/blog\/4-eventos-de-educacao-para-gestores-em-2024\/#respond"]}]},{"@type":"WebPage","@id":"https:\/\/inspiremais.com\/blog\/4-eventos-de-educacao-para-gestores-em-2024\/","url":"https:\/\/inspiremais.com\/blog\/4-eventos-de-educacao-para-gestores-em-2024\/","name":"4 eventos de educa\u00e7\u00e3o que todo gestor deve participar - Inspire+","isPartOf":{"@id":"https:\/\/inspiremais.com\/blog\/#website"},"primaryImageOfPage":{"@id":"https:\/\/inspiremais.com\/blog\/4-eventos-de-educacao-para-gestores-em-2024\/#primaryimage"},"image":{"@id":"https:\/\/inspiremais.com\/blog\/4-eventos-de-educacao-para-gestores-em-2024\/#primaryimage"},"thumbnailUrl":"https:\/\/inspiremais.com\/blog\/wp-content\/uploads\/2024\/07\/4-eventos-de-educacao-de-que-todo-gestor-deve-participar_capa.png","datePublished":"2024-07-06T18:00:00+00:00","dateModified":"2024-07-30T12:56:21+00:00","inLanguage":"pt-BR","potentialAction":[{"@type":"ReadAction","target":["https:\/\/inspiremais.com\/blog\/4-eventos-de-educacao-para-gestores-em-2024\/"]}]},{"@type":"ImageObject","inLanguage":"pt-BR","@id":"https:\/\/inspiremais.com\/blog\/4-eventos-de-educacao-para-gestores-em-2024\/#primaryimage","url":"https:\/\/inspiremais.com\/blog\/wp-content\/uploads\/2024\/07\/4-eventos-de-educacao-de-que-todo-gestor-deve-participar_capa.png","contentUrl":"https:\/\/inspiremais.com\/blog\/wp-content\/uploads\/2024\/07\/4-eventos-de-educacao-de-que-todo-gestor-deve-participar_capa.png","width":1080,"height":1080,"caption":"eventos de educa\u00e7\u00e3o"},{"@type":"WebSite","@id":"https:\/\/inspiremais.com\/blog\/#website","url":"https:\/\/inspiremais.com\/blog\/","name":"INSPIRE+","description":"Estrat\u00e9gias","publisher":{"@id":"https:\/\/inspiremais.com\/blog\/#organization"},"potentialAction":[{"@type":"SearchAction","target":{"@type":"EntryPoint","urlTemplate":"https:\/\/inspiremais.com\/blog\/?s={search_term_string}"},"query-input":{"@type":"PropertyValueSpecification","valueRequired":true,"valueName":"search_term_string"}}],"inLanguage":"pt-BR"},{"@type":"Organization","@id":"https:\/\/inspiremais.com\/blog\/#organization","name":"INSPIRE+ MARKETING EDUCACIONAL","url":"https:\/\/inspiremais.com\/blog\/","logo":{"@type":"ImageObject","inLanguage":"pt-BR","@id":"https:\/\/inspiremais.com\/blog\/#\/schema\/logo\/image\/","url":"https:\/\/inspiremais.com\/blog\/wp-content\/uploads\/2024\/11\/Apenas_Inspire-03.png","contentUrl":"https:\/\/inspiremais.com\/blog\/wp-content\/uploads\/2024\/11\/Apenas_Inspire-03.png","width":4501,"height":1279,"caption":"INSPIRE+ MARKETING EDUCACIONAL"},"image":{"@id":"https:\/\/inspiremais.com\/blog\/#\/schema\/logo\/image\/"},"sameAs":["https:\/\/www.facebook.com\/inspiremaismktdigital","https:\/\/www.instagram.com\/inspiremaisdigital"]},{"@type":"Person","@id":"https:\/\/inspiremais.com\/blog\/#\/schema\/person\/e1a307a4d2b71ac3dd5a6b554ce2fcfc","name":"Andrey Schmitt","image":{"@type":"ImageObject","inLanguage":"pt-BR","@id":"https:\/\/inspiremais.com\/blog\/#\/schema\/person\/image\/","url":"https:\/\/secure.gravatar.com\/avatar\/7813ef75e249c4598b87de5eb1415de045890396aae13d73dd1be2b316685046?s=96&d=mm&r=g","contentUrl":"https:\/\/secure.gravatar.com\/avatar\/7813ef75e249c4598b87de5eb1415de045890396aae13d73dd1be2b316685046?s=96&d=mm&r=g","caption":"Andrey Schmitt"},"description":"Meu nome \u00e9 Andrey, sou Gestor de Ensino e CEO na Inspire Mais, a maior ag\u00eancia do segmento educacional do pa\u00eds. Sou formado em Administra\u00e7\u00e3o, Gastronomia e possuo MBA em Estrat\u00e9gias de Mercado. H\u00e1 12 anos atuo e vivo a educa\u00e7\u00e3o, tendo como prop\u00f3sito pessoal conectar pessoas aos seus sonhos e objetivos atrav\u00e9s de meus neg\u00f3cios e clientes!","sameAs":["linkedin.com\/in\/andrey-schmitt-39ba829b"],"url":"https:\/\/inspiremais.com\/blog\/author\/andrey-schmitt\/"}]}},"_links":{"self":[{"href":"https:\/\/inspiremais.com\/blog\/wp-json\/wp\/v2\/posts\/4422","targetHints":{"allow":["GET"]}}],"collection":[{"href":"https:\/\/inspiremais.com\/blog\/wp-json\/wp\/v2\/posts"}],"about":[{"href":"https:\/\/inspiremais.com\/blog\/wp-json\/wp\/v2\/types\/post"}],"author":[{"embeddable":true,"href":"https:\/\/inspiremais.com\/blog\/wp-json\/wp\/v2\/users\/9"}],"replies":[{"embeddable":true,"href":"https:\/\/inspiremais.com\/blog\/wp-json\/wp\/v2\/comments?post=4422"}],"version-history":[{"count":2,"href":"https:\/\/inspiremais.com\/blog\/wp-json\/wp\/v2\/posts\/4422\/revisions"}],"predecessor-version":[{"id":4481,"href":"https:\/\/inspiremais.com\/blog\/wp-json\/wp\/v2\/posts\/4422\/revisions\/4481"}],"wp:featuredmedia":[{"embeddable":true,"href":"https:\/\/inspiremais.com\/blog\/wp-json\/wp\/v2\/media\/4425"}],"wp:attachment":[{"href":"https:\/\/inspiremais.com\/blog\/wp-json\/wp\/v2\/media?parent=4422"}],"wp:term":[{"taxonomy":"category","embeddable":true,"href":"https:\/\/inspiremais.com\/blog\/wp-json\/wp\/v2\/categories?post=4422"},{"taxonomy":"post_tag","embeddable":true,"href":"https:\/\/inspiremais.com\/blog\/wp-json\/wp\/v2\/tags?post=4422"}],"curies":[{"name":"wp","href":"https:\/\/api.w.org\/{rel}","templated":true}]}}