{"id":4597,"date":"2024-09-30T09:00:00","date_gmt":"2024-09-30T12:00:00","guid":{"rendered":"https:\/\/inspiremais.com\/blog\/?p=4597"},"modified":"2024-09-27T13:25:00","modified_gmt":"2024-09-27T16:25:00","slug":"dia-nacional-da-alimentacao-nas-escolas-os-bons-habitos-aprendidos-na-infancia-refletem-na-vida-adulta","status":"publish","type":"post","link":"https:\/\/inspiremais.com\/blog\/dia-nacional-da-alimentacao-nas-escolas-os-bons-habitos-aprendidos-na-infancia-refletem-na-vida-adulta\/","title":{"rendered":"Dia Nacional da Alimenta\u00e7\u00e3o nas escolas: os bons h\u00e1bitos aprendidos na inf\u00e2ncia refletem na vida adulta"},"content":{"rendered":"<div id=\"ez-toc-container\" class=\"ez-toc-v2_0_74 counter-hierarchy ez-toc-counter ez-toc-grey ez-toc-container-direction\">\n<div class=\"ez-toc-title-container\">\n<p class=\"ez-toc-title\" style=\"cursor:inherit\">\u00cdndice<\/p>\n<span class=\"ez-toc-title-toggle\"><a href=\"#\" class=\"ez-toc-pull-right ez-toc-btn ez-toc-btn-xs ez-toc-btn-default ez-toc-toggle\" aria-label=\"Alternar tabela de conte\u00fado\"><span class=\"ez-toc-js-icon-con\"><span class=\"\"><span class=\"eztoc-hide\" style=\"display:none;\">Toggle<\/span><span class=\"ez-toc-icon-toggle-span\"><svg style=\"fill: #999;color:#999\" xmlns=\"http:\/\/www.w3.org\/2000\/svg\" class=\"list-377408\" width=\"20px\" height=\"20px\" viewBox=\"0 0 24 24\" fill=\"none\"><path d=\"M6 6H4v2h2V6zm14 0H8v2h12V6zM4 11h2v2H4v-2zm16 0H8v2h12v-2zM4 16h2v2H4v-2zm16 0H8v2h12v-2z\" fill=\"currentColor\"><\/path><\/svg><svg style=\"fill: #999;color:#999\" class=\"arrow-unsorted-368013\" xmlns=\"http:\/\/www.w3.org\/2000\/svg\" width=\"10px\" height=\"10px\" viewBox=\"0 0 24 24\" version=\"1.2\" baseProfile=\"tiny\"><path d=\"M18.2 9.3l-6.2-6.3-6.2 6.3c-.2.2-.3.4-.3.7s.1.5.3.7c.2.2.4.3.7.3h11c.3 0 .5-.1.7-.3.2-.2.3-.5.3-.7s-.1-.5-.3-.7zM5.8 14.7l6.2 6.3 6.2-6.3c.2-.2.3-.5.3-.7s-.1-.5-.3-.7c-.2-.2-.4-.3-.7-.3h-11c-.3 0-.5.1-.7.3-.2.2-.3.5-.3.7s.1.5.3.7z\"\/><\/svg><\/span><\/span><\/span><\/a><\/span><\/div>\n<nav><ul class='ez-toc-list ez-toc-list-level-1 ' ><li class='ez-toc-page-1 ez-toc-heading-level-2'><a class=\"ez-toc-link ez-toc-heading-1\" href=\"https:\/\/inspiremais.com\/blog\/dia-nacional-da-alimentacao-nas-escolas-os-bons-habitos-aprendidos-na-infancia-refletem-na-vida-adulta\/#A_importancia_do_Dia_Nacional_da_Alimentacao_nas_escolas\" >A import\u00e2ncia do Dia Nacional da Alimenta\u00e7\u00e3o nas escolas<\/a><\/li><li class='ez-toc-page-1 ez-toc-heading-level-2'><a class=\"ez-toc-link ez-toc-heading-2\" href=\"https:\/\/inspiremais.com\/blog\/dia-nacional-da-alimentacao-nas-escolas-os-bons-habitos-aprendidos-na-infancia-refletem-na-vida-adulta\/#Beneficios_dos_bons_habitos_alimentares_na_infancia\" >Benef\u00edcios dos bons h\u00e1bitos alimentares na inf\u00e2ncia<\/a><\/li><li class='ez-toc-page-1 ez-toc-heading-level-2'><a class=\"ez-toc-link ez-toc-heading-3\" href=\"https:\/\/inspiremais.com\/blog\/dia-nacional-da-alimentacao-nas-escolas-os-bons-habitos-aprendidos-na-infancia-refletem-na-vida-adulta\/#Como_incluir_praticas_de_alimentacao_saudavel_nas_escolas\" >Como incluir pr\u00e1ticas de alimenta\u00e7\u00e3o saud\u00e1vel nas escolas<\/a><ul class='ez-toc-list-level-3' ><li class='ez-toc-heading-level-3'><a class=\"ez-toc-link ez-toc-heading-4\" href=\"https:\/\/inspiremais.com\/blog\/dia-nacional-da-alimentacao-nas-escolas-os-bons-habitos-aprendidos-na-infancia-refletem-na-vida-adulta\/#Cardapios_saudaveis_na_cantina_escolar\" >Card\u00e1pios saud\u00e1veis na cantina escolar<\/a><\/li><li class='ez-toc-page-1 ez-toc-heading-level-3'><a class=\"ez-toc-link ez-toc-heading-5\" href=\"https:\/\/inspiremais.com\/blog\/dia-nacional-da-alimentacao-nas-escolas-os-bons-habitos-aprendidos-na-infancia-refletem-na-vida-adulta\/#Hortas_escolares\" >Hortas escolares&nbsp;<\/a><\/li><li class='ez-toc-page-1 ez-toc-heading-level-3'><a class=\"ez-toc-link ez-toc-heading-6\" href=\"https:\/\/inspiremais.com\/blog\/dia-nacional-da-alimentacao-nas-escolas-os-bons-habitos-aprendidos-na-infancia-refletem-na-vida-adulta\/#Campanhas_de_conscientizacao\" >Campanhas de conscientiza\u00e7\u00e3o<\/a><\/li><\/ul><\/li><\/ul><\/nav><\/div>\n<div id=\"bsf_rt_marker\"><\/div>\n<p>O Dia Nacional da Alimenta\u00e7\u00e3o nas Escolas, comemorado anualmente em 21 de outubro, traz a import\u00e2ncia da alimenta\u00e7\u00e3o saud\u00e1vel na vida dos estudantes.&nbsp;<\/p>\n\n\n\n<p>Este dia tem como objetivo promover a educa\u00e7\u00e3o alimentar e nutricional, incentivando h\u00e1bitos alimentares saud\u00e1veis desde a inf\u00e2ncia, que tendem a se perpetuar na vida adulta.<\/p>\n\n\n\n<p><strong>Sendo assim, nesse conte\u00fado trouxemos a relev\u00e2ncia dessa data, os benef\u00edcios dos bons h\u00e1bitos alimentares adquiridos na inf\u00e2ncia e como a sua escola pode implementar pr\u00e1ticas para fomentar uma alimenta\u00e7\u00e3o saud\u00e1vel entre os alunos.<\/strong><\/p>\n\n\n\n<p><strong>Continue a leitura!<\/strong><\/p>\n\n\n\n<h2 class=\"wp-block-heading\"><span class=\"ez-toc-section\" id=\"A_importancia_do_Dia_Nacional_da_Alimentacao_nas_escolas\"><\/span>A import\u00e2ncia do Dia Nacional da Alimenta\u00e7\u00e3o nas escolas<span class=\"ez-toc-section-end\"><\/span><\/h2>\n\n\n\n<p>A data serve como um lembrete para pais, educadores e toda a comunidade escolar da necessidade de investir em uma alimenta\u00e7\u00e3o saud\u00e1vel para as crian\u00e7as.&nbsp;<\/p>\n\n\n\n<p>Com a crescente incid\u00eancia de problemas relacionados \u00e0 m\u00e1 alimenta\u00e7\u00e3o, como obesidade infantil e doen\u00e7as cr\u00f4nicas, \u00e9 fundamental que a escola assuma um papel ativo na promo\u00e7\u00e3o de uma alimenta\u00e7\u00e3o mais equilibrada dos alunos.&nbsp;<\/p>\n\n\n\n<p>Al\u00e9m disso, a escola \u00e9 um ambiente prop\u00edcio para a implementa\u00e7\u00e3o de programas de educa\u00e7\u00e3o alimentar, uma vez que os alunos passam grande parte do seu tempo nela e realizam as principais refei\u00e7\u00f5es.<\/p>\n\n\n\n<h2 class=\"wp-block-heading\"><span class=\"ez-toc-section\" id=\"Beneficios_dos_bons_habitos_alimentares_na_infancia\"><\/span>Benef\u00edcios dos bons h\u00e1bitos alimentares na inf\u00e2ncia<span class=\"ez-toc-section-end\"><\/span><\/h2>\n\n\n\n<p>Estabelecer bons h\u00e1bitos alimentares na inf\u00e2ncia garante que as crian\u00e7as recebam os nutrientes necess\u00e1rios para um desenvolvimento saud\u00e1vel e tendem a perdurar na vida adulta, promovendo um estilo de vida mais equilibrado e reduzindo o risco de doen\u00e7as.&nbsp;<\/p>\n\n\n\n<p><strong>Neste t\u00f3pico, trouxemos os benef\u00edcios que uma alimenta\u00e7\u00e3o balanceada pode trazer para as crian\u00e7as e como esses h\u00e1bitos positivos se refletem ao longo da vida:<\/strong><\/p>\n\n\n\n<ol class=\"wp-block-list\">\n<li><strong>Preven\u00e7\u00e3o de doen\u00e7as<\/strong>: uma alimenta\u00e7\u00e3o balanceada desde cedo ajuda a prevenir doen\u00e7as cr\u00f4nicas como diabetes, hipertens\u00e3o e problemas card\u00edacos.<\/li>\n\n\n\n<li><strong>Desenvolvimento cognitivo<\/strong>: nutrientes adequados s\u00e3o essenciais para o desenvolvimento cerebral, melhorando a concentra\u00e7\u00e3o, a mem\u00f3ria e o desempenho acad\u00eamico.<\/li>\n\n\n\n<li><strong>H\u00e1bito de vida saud\u00e1vel<\/strong>: crian\u00e7as que aprendem a import\u00e2ncia de uma alimenta\u00e7\u00e3o saud\u00e1vel tendem a manter esses h\u00e1bitos na vida adulta, reduzindo o risco de problemas de sa\u00fade a longo prazo.<\/li>\n\n\n\n<li><strong>Bem-estar psicol\u00f3gico<\/strong>: uma alimenta\u00e7\u00e3o adequada pode influenciar positivamente o humor e o comportamento das crian\u00e7as, contribuindo para um ambiente escolar mais harmonioso.<\/li>\n<\/ol>\n\n\n\n<h2 class=\"wp-block-heading\"><span class=\"ez-toc-section\" id=\"Como_incluir_praticas_de_alimentacao_saudavel_nas_escolas\"><\/span>Como incluir pr\u00e1ticas de alimenta\u00e7\u00e3o saud\u00e1vel nas escolas<span class=\"ez-toc-section-end\"><\/span><\/h2>\n\n\n\n<h3 class=\"wp-block-heading\"><span class=\"ez-toc-section\" id=\"Cardapios_saudaveis_na_cantina_escolar\"><\/span>Card\u00e1pios saud\u00e1veis na cantina escolar<span class=\"ez-toc-section-end\"><\/span><\/h3>\n\n\n\n<p>Oferecer op\u00e7\u00f5es nutritivas e equilibradas, limitando a disponibilidade de alimentos ultraprocessados e ricos em a\u00e7\u00facar.<\/p>\n\n\n\n<h3 class=\"wp-block-heading\"><span class=\"ez-toc-section\" id=\"Hortas_escolares\"><\/span>Hortas escolares&nbsp;<span class=\"ez-toc-section-end\"><\/span><\/h3>\n\n\n\n<p>Incentivar a cria\u00e7\u00e3o de hortas nas escolas, onde os alunos possam aprender sobre o cultivo de alimentos e a import\u00e2ncia do consumo de vegetais frescos.<\/p>\n\n\n\n<h3 class=\"wp-block-heading\"><span class=\"ez-toc-section\" id=\"Campanhas_de_conscientizacao\"><\/span>Campanhas de conscientiza\u00e7\u00e3o<span class=\"ez-toc-section-end\"><\/span><\/h3>\n\n\n\n<p>Realizar campanhas peri\u00f3dicas que incentivem a alimenta\u00e7\u00e3o saud\u00e1vel, utilizando cartazes, folhetos e m\u00eddias sociais para disseminar informa\u00e7\u00f5es.<\/p>\n\n\n\n<p>Diversas escolas ao redor do Brasil j\u00e1 implementaram programas de alimenta\u00e7\u00e3o saud\u00e1vel com resultados positivos.&nbsp;<\/p>\n\n\n\n<p><strong>Por exemplo, o <\/strong><a href=\"https:\/\/saberesepraticas.cenpec.org.br\/tematicas\/alimentacao-e-direito-a-educacao\"><strong>programa \u201cMerenda Saud\u00e1vel\u201d<\/strong><\/a><strong>, onde os alunos participam ativamente do cultivo de vegetais, o projeto reformulou o card\u00e1pio escolar para incluir mais frutas, legumes e alimentos integrais.<\/strong><\/p>\n\n\n\n<p>O Dia Nacional da Alimenta\u00e7\u00e3o nas Escolas \u00e9 uma oportunidade para refor\u00e7ar a import\u00e2ncia de bons h\u00e1bitos alimentares desde a inf\u00e2ncia.&nbsp;<\/p>\n\n\n\n<p>Com a implementa\u00e7\u00e3o de pr\u00e1ticas de educa\u00e7\u00e3o alimentar e nutricional, as escolas podem desempenhar na forma\u00e7\u00e3o de adultos saud\u00e1veis e conscientes sobre a sua alimenta\u00e7\u00e3o.&nbsp;<\/p>\n\n\n\n<p>\u00c9 importante que pais, educadores e a comunidade trabalhem juntos para garantir que as crian\u00e7as tenham acesso a uma alimenta\u00e7\u00e3o equilibrada e nutritiva, refletindo positivamente em sua sa\u00fade e bem-estar ao longo da vida.<\/p>\n\n\n\n<p>Se voc\u00ea acredita que sua institui\u00e7\u00e3o pode fazer a diferen\u00e7a e est\u00e1 em busca de maneiras de aprimorar suas iniciativas de marketing digital para o Dia Nacional da Alimenta\u00e7\u00e3o, <strong>n\u00f3s da Inspire+ estamos aqui para ajudar.<\/strong> Nossa equipe est\u00e1 pronta para criar campanhas envolventes e eficazes que v\u00e3o destacar o compromisso da sua escola com a sa\u00fade e bem-estar dos alunos.<\/p>\n\n\n\n<p><strong>Vamos conversar sobre como podemos transformar a sua institui\u00e7\u00e3o e garantir um futuro mais saud\u00e1vel para seus alunos?<\/strong><\/p>\n\n\n\n<p><a href=\"https:\/\/forms.inspiremais.com\/diretorio?utm_source=site&amp;utm_medium=blog\"><strong>Entre em contato hoje mesmo!<\/strong><\/a><\/p>\n\n\n\n<p><\/p>\n","protected":false},"excerpt":{"rendered":"<p>O Dia Nacional da Alimenta\u00e7\u00e3o nas Escolas, comemorado anualmente em 21 de outubro, traz a import\u00e2ncia da alimenta\u00e7\u00e3o saud\u00e1vel na vida dos estudantes.&nbsp; Este dia tem como objetivo promover a educa\u00e7\u00e3o alimentar e nutricional, incentivando h\u00e1bitos alimentares saud\u00e1veis desde a inf\u00e2ncia, que tendem a se perpetuar na vida adulta. Sendo assim, nesse conte\u00fado trouxemos a [&hellip;]<\/p>\n","protected":false},"author":6,"featured_media":4598,"comment_status":"open","ping_status":"open","sticky":false,"template":"","format":"standard","meta":{"footnotes":""},"categories":[1,84,53],"tags":[123,78,79,93],"class_list":["post-4597","post","type-post","status-publish","format-standard","has-post-thumbnail","hentry","category-blog","category-datas-comemorativas","category-marketing-tendencias","tag-educacao-infantil","tag-marketing-digital","tag-marketing-digital-na-educacao","tag-marketing-educacional"],"yoast_head":"<!-- This site is optimized with the Yoast SEO plugin v25.3.1 - https:\/\/yoast.com\/wordpress\/plugins\/seo\/ -->\n<title>Dia Nacional da Alimenta\u00e7\u00e3o nas escolas: os bons h\u00e1bitos aprendidos na inf\u00e2ncia refletem na vida adulta - Inspire+<\/title>\n<meta name=\"robots\" content=\"noindex, follow, max-snippet:-1, max-image-preview:large, max-video-preview:-1\" \/>\n<meta property=\"og:locale\" content=\"pt_BR\" \/>\n<meta property=\"og:type\" content=\"article\" \/>\n<meta property=\"og:title\" content=\"Dia Nacional da Alimenta\u00e7\u00e3o nas escolas: os bons h\u00e1bitos aprendidos na inf\u00e2ncia refletem na vida adulta - Inspire+\" \/>\n<meta property=\"og:description\" content=\"O Dia Nacional da Alimenta\u00e7\u00e3o nas Escolas, comemorado anualmente em 21 de outubro, traz a import\u00e2ncia da alimenta\u00e7\u00e3o saud\u00e1vel na vida dos estudantes.&nbsp; Este dia tem como objetivo promover a educa\u00e7\u00e3o alimentar e nutricional, incentivando h\u00e1bitos alimentares saud\u00e1veis desde a inf\u00e2ncia, que tendem a se perpetuar na vida adulta. Sendo assim, nesse conte\u00fado trouxemos a [&hellip;]\" \/>\n<meta property=\"og:url\" content=\"https:\/\/inspiremais.com\/blog\/dia-nacional-da-alimentacao-nas-escolas-os-bons-habitos-aprendidos-na-infancia-refletem-na-vida-adulta\/\" \/>\n<meta property=\"og:site_name\" content=\"Inspire+\" \/>\n<meta property=\"article:publisher\" content=\"https:\/\/www.facebook.com\/inspiremaismktdigital\" \/>\n<meta property=\"article:published_time\" content=\"2024-09-30T12:00:00+00:00\" \/>\n<meta property=\"og:image\" content=\"https:\/\/inspiremais.com\/blog\/wp-content\/uploads\/2024\/09\/Dia-Nacional-da-Alimentacao-nas-escolas-os-bons-habitos-aprendidos-na-infancia-refletem-na-vida-adulta_capa.png\" \/>\n\t<meta property=\"og:image:width\" content=\"1080\" \/>\n\t<meta property=\"og:image:height\" content=\"1080\" \/>\n\t<meta property=\"og:image:type\" content=\"image\/png\" \/>\n<meta name=\"author\" content=\"Nilvo Ant\u00f4nio\" \/>\n<meta name=\"twitter:card\" content=\"summary_large_image\" \/>\n<meta name=\"twitter:label1\" content=\"Escrito por\" \/>\n\t<meta name=\"twitter:data1\" content=\"Nilvo Ant\u00f4nio\" \/>\n\t<meta name=\"twitter:label2\" content=\"Est. tempo de leitura\" \/>\n\t<meta name=\"twitter:data2\" content=\"4 minutos\" \/>\n<script type=\"application\/ld+json\" class=\"yoast-schema-graph\">{\"@context\":\"https:\/\/schema.org\",\"@graph\":[{\"@type\":\"Article\",\"@id\":\"https:\/\/inspiremais.com\/blog\/dia-nacional-da-alimentacao-nas-escolas-os-bons-habitos-aprendidos-na-infancia-refletem-na-vida-adulta\/#article\",\"isPartOf\":{\"@id\":\"https:\/\/inspiremais.com\/blog\/dia-nacional-da-alimentacao-nas-escolas-os-bons-habitos-aprendidos-na-infancia-refletem-na-vida-adulta\/\"},\"author\":{\"name\":\"Nilvo Ant\u00f4nio\",\"@id\":\"https:\/\/inspiremais.com\/blog\/#\/schema\/person\/39171f1a702937d22a00d77cd67f8d3f\"},\"headline\":\"Dia Nacional da Alimenta\u00e7\u00e3o nas escolas: os bons h\u00e1bitos aprendidos na inf\u00e2ncia refletem na vida adulta\",\"datePublished\":\"2024-09-30T12:00:00+00:00\",\"mainEntityOfPage\":{\"@id\":\"https:\/\/inspiremais.com\/blog\/dia-nacional-da-alimentacao-nas-escolas-os-bons-habitos-aprendidos-na-infancia-refletem-na-vida-adulta\/\"},\"wordCount\":761,\"commentCount\":0,\"publisher\":{\"@id\":\"https:\/\/inspiremais.com\/blog\/#organization\"},\"image\":{\"@id\":\"https:\/\/inspiremais.com\/blog\/dia-nacional-da-alimentacao-nas-escolas-os-bons-habitos-aprendidos-na-infancia-refletem-na-vida-adulta\/#primaryimage\"},\"thumbnailUrl\":\"https:\/\/inspiremais.com\/blog\/wp-content\/uploads\/2024\/09\/Dia-Nacional-da-Alimentacao-nas-escolas-os-bons-habitos-aprendidos-na-infancia-refletem-na-vida-adulta_capa.png\",\"keywords\":[\"educa\u00e7\u00e3o infantil\",\"marketing digital\",\"marketing digital na educa\u00e7\u00e3o\",\"marketing educacional\"],\"articleSection\":[\"Blog\",\"Datas Comemorativas\",\"Marketing\/Tend\u00eancias\"],\"inLanguage\":\"pt-BR\",\"potentialAction\":[{\"@type\":\"CommentAction\",\"name\":\"Comment\",\"target\":[\"https:\/\/inspiremais.com\/blog\/dia-nacional-da-alimentacao-nas-escolas-os-bons-habitos-aprendidos-na-infancia-refletem-na-vida-adulta\/#respond\"]}]},{\"@type\":\"WebPage\",\"@id\":\"https:\/\/inspiremais.com\/blog\/dia-nacional-da-alimentacao-nas-escolas-os-bons-habitos-aprendidos-na-infancia-refletem-na-vida-adulta\/\",\"url\":\"https:\/\/inspiremais.com\/blog\/dia-nacional-da-alimentacao-nas-escolas-os-bons-habitos-aprendidos-na-infancia-refletem-na-vida-adulta\/\",\"name\":\"Dia Nacional da Alimenta\u00e7\u00e3o nas escolas: os bons h\u00e1bitos aprendidos na inf\u00e2ncia refletem na vida adulta - Inspire+\",\"isPartOf\":{\"@id\":\"https:\/\/inspiremais.com\/blog\/#website\"},\"primaryImageOfPage\":{\"@id\":\"https:\/\/inspiremais.com\/blog\/dia-nacional-da-alimentacao-nas-escolas-os-bons-habitos-aprendidos-na-infancia-refletem-na-vida-adulta\/#primaryimage\"},\"image\":{\"@id\":\"https:\/\/inspiremais.com\/blog\/dia-nacional-da-alimentacao-nas-escolas-os-bons-habitos-aprendidos-na-infancia-refletem-na-vida-adulta\/#primaryimage\"},\"thumbnailUrl\":\"https:\/\/inspiremais.com\/blog\/wp-content\/uploads\/2024\/09\/Dia-Nacional-da-Alimentacao-nas-escolas-os-bons-habitos-aprendidos-na-infancia-refletem-na-vida-adulta_capa.png\",\"datePublished\":\"2024-09-30T12:00:00+00:00\",\"inLanguage\":\"pt-BR\",\"potentialAction\":[{\"@type\":\"ReadAction\",\"target\":[\"https:\/\/inspiremais.com\/blog\/dia-nacional-da-alimentacao-nas-escolas-os-bons-habitos-aprendidos-na-infancia-refletem-na-vida-adulta\/\"]}]},{\"@type\":\"ImageObject\",\"inLanguage\":\"pt-BR\",\"@id\":\"https:\/\/inspiremais.com\/blog\/dia-nacional-da-alimentacao-nas-escolas-os-bons-habitos-aprendidos-na-infancia-refletem-na-vida-adulta\/#primaryimage\",\"url\":\"https:\/\/inspiremais.com\/blog\/wp-content\/uploads\/2024\/09\/Dia-Nacional-da-Alimentacao-nas-escolas-os-bons-habitos-aprendidos-na-infancia-refletem-na-vida-adulta_capa.png\",\"contentUrl\":\"https:\/\/inspiremais.com\/blog\/wp-content\/uploads\/2024\/09\/Dia-Nacional-da-Alimentacao-nas-escolas-os-bons-habitos-aprendidos-na-infancia-refletem-na-vida-adulta_capa.png\",\"width\":1080,\"height\":1080},{\"@type\":\"WebSite\",\"@id\":\"https:\/\/inspiremais.com\/blog\/#website\",\"url\":\"https:\/\/inspiremais.com\/blog\/\",\"name\":\"INSPIRE+\",\"description\":\"Estrat\u00e9gias\",\"publisher\":{\"@id\":\"https:\/\/inspiremais.com\/blog\/#organization\"},\"potentialAction\":[{\"@type\":\"SearchAction\",\"target\":{\"@type\":\"EntryPoint\",\"urlTemplate\":\"https:\/\/inspiremais.com\/blog\/?s={search_term_string}\"},\"query-input\":{\"@type\":\"PropertyValueSpecification\",\"valueRequired\":true,\"valueName\":\"search_term_string\"}}],\"inLanguage\":\"pt-BR\"},{\"@type\":\"Organization\",\"@id\":\"https:\/\/inspiremais.com\/blog\/#organization\",\"name\":\"INSPIRE+ MARKETING EDUCACIONAL\",\"url\":\"https:\/\/inspiremais.com\/blog\/\",\"logo\":{\"@type\":\"ImageObject\",\"inLanguage\":\"pt-BR\",\"@id\":\"https:\/\/inspiremais.com\/blog\/#\/schema\/logo\/image\/\",\"url\":\"https:\/\/inspiremais.com\/blog\/wp-content\/uploads\/2024\/11\/Apenas_Inspire-03.png\",\"contentUrl\":\"https:\/\/inspiremais.com\/blog\/wp-content\/uploads\/2024\/11\/Apenas_Inspire-03.png\",\"width\":4501,\"height\":1279,\"caption\":\"INSPIRE+ MARKETING EDUCACIONAL\"},\"image\":{\"@id\":\"https:\/\/inspiremais.com\/blog\/#\/schema\/logo\/image\/\"},\"sameAs\":[\"https:\/\/www.facebook.com\/inspiremaismktdigital\",\"https:\/\/www.instagram.com\/inspiremaisdigital\"]},{\"@type\":\"Person\",\"@id\":\"https:\/\/inspiremais.com\/blog\/#\/schema\/person\/39171f1a702937d22a00d77cd67f8d3f\",\"name\":\"Nilvo Ant\u00f4nio\",\"image\":{\"@type\":\"ImageObject\",\"inLanguage\":\"pt-BR\",\"@id\":\"https:\/\/inspiremais.com\/blog\/#\/schema\/person\/image\/\",\"url\":\"https:\/\/secure.gravatar.com\/avatar\/d6d4592a0f062f231b59f93314f9df660e75868c331a1cc19f4accf546806ead?s=96&d=mm&r=g\",\"contentUrl\":\"https:\/\/secure.gravatar.com\/avatar\/d6d4592a0f062f231b59f93314f9df660e75868c331a1cc19f4accf546806ead?s=96&d=mm&r=g\",\"caption\":\"Nilvo Ant\u00f4nio\"},\"description\":\"Head de Intelig\u00eancia de Mercado na Inspire+\",\"url\":\"https:\/\/inspiremais.com\/blog\/author\/nilvo\/\"}]}<\/script>\n<!-- \/ Yoast SEO plugin. -->","yoast_head_json":{"title":"Dia Nacional da Alimenta\u00e7\u00e3o nas escolas: os bons h\u00e1bitos aprendidos na inf\u00e2ncia refletem na vida adulta - Inspire+","robots":{"index":"noindex","follow":"follow","max-snippet":"max-snippet:-1","max-image-preview":"max-image-preview:large","max-video-preview":"max-video-preview:-1"},"og_locale":"pt_BR","og_type":"article","og_title":"Dia Nacional da Alimenta\u00e7\u00e3o nas escolas: os bons h\u00e1bitos aprendidos na inf\u00e2ncia refletem na vida adulta - Inspire+","og_description":"O Dia Nacional da Alimenta\u00e7\u00e3o nas Escolas, comemorado anualmente em 21 de outubro, traz a import\u00e2ncia da alimenta\u00e7\u00e3o saud\u00e1vel na vida dos estudantes.&nbsp; Este dia tem como objetivo promover a educa\u00e7\u00e3o alimentar e nutricional, incentivando h\u00e1bitos alimentares saud\u00e1veis desde a inf\u00e2ncia, que tendem a se perpetuar na vida adulta. Sendo assim, nesse conte\u00fado trouxemos a [&hellip;]","og_url":"https:\/\/inspiremais.com\/blog\/dia-nacional-da-alimentacao-nas-escolas-os-bons-habitos-aprendidos-na-infancia-refletem-na-vida-adulta\/","og_site_name":"Inspire+","article_publisher":"https:\/\/www.facebook.com\/inspiremaismktdigital","article_published_time":"2024-09-30T12:00:00+00:00","og_image":[{"width":1080,"height":1080,"url":"https:\/\/inspiremais.com\/blog\/wp-content\/uploads\/2024\/09\/Dia-Nacional-da-Alimentacao-nas-escolas-os-bons-habitos-aprendidos-na-infancia-refletem-na-vida-adulta_capa.png","type":"image\/png"}],"author":"Nilvo Ant\u00f4nio","twitter_card":"summary_large_image","twitter_misc":{"Escrito por":"Nilvo Ant\u00f4nio","Est. tempo de leitura":"4 minutos"},"schema":{"@context":"https:\/\/schema.org","@graph":[{"@type":"Article","@id":"https:\/\/inspiremais.com\/blog\/dia-nacional-da-alimentacao-nas-escolas-os-bons-habitos-aprendidos-na-infancia-refletem-na-vida-adulta\/#article","isPartOf":{"@id":"https:\/\/inspiremais.com\/blog\/dia-nacional-da-alimentacao-nas-escolas-os-bons-habitos-aprendidos-na-infancia-refletem-na-vida-adulta\/"},"author":{"name":"Nilvo Ant\u00f4nio","@id":"https:\/\/inspiremais.com\/blog\/#\/schema\/person\/39171f1a702937d22a00d77cd67f8d3f"},"headline":"Dia Nacional da Alimenta\u00e7\u00e3o nas escolas: os bons h\u00e1bitos aprendidos na inf\u00e2ncia refletem na vida adulta","datePublished":"2024-09-30T12:00:00+00:00","mainEntityOfPage":{"@id":"https:\/\/inspiremais.com\/blog\/dia-nacional-da-alimentacao-nas-escolas-os-bons-habitos-aprendidos-na-infancia-refletem-na-vida-adulta\/"},"wordCount":761,"commentCount":0,"publisher":{"@id":"https:\/\/inspiremais.com\/blog\/#organization"},"image":{"@id":"https:\/\/inspiremais.com\/blog\/dia-nacional-da-alimentacao-nas-escolas-os-bons-habitos-aprendidos-na-infancia-refletem-na-vida-adulta\/#primaryimage"},"thumbnailUrl":"https:\/\/inspiremais.com\/blog\/wp-content\/uploads\/2024\/09\/Dia-Nacional-da-Alimentacao-nas-escolas-os-bons-habitos-aprendidos-na-infancia-refletem-na-vida-adulta_capa.png","keywords":["educa\u00e7\u00e3o infantil","marketing digital","marketing digital na educa\u00e7\u00e3o","marketing educacional"],"articleSection":["Blog","Datas Comemorativas","Marketing\/Tend\u00eancias"],"inLanguage":"pt-BR","potentialAction":[{"@type":"CommentAction","name":"Comment","target":["https:\/\/inspiremais.com\/blog\/dia-nacional-da-alimentacao-nas-escolas-os-bons-habitos-aprendidos-na-infancia-refletem-na-vida-adulta\/#respond"]}]},{"@type":"WebPage","@id":"https:\/\/inspiremais.com\/blog\/dia-nacional-da-alimentacao-nas-escolas-os-bons-habitos-aprendidos-na-infancia-refletem-na-vida-adulta\/","url":"https:\/\/inspiremais.com\/blog\/dia-nacional-da-alimentacao-nas-escolas-os-bons-habitos-aprendidos-na-infancia-refletem-na-vida-adulta\/","name":"Dia Nacional da Alimenta\u00e7\u00e3o nas escolas: os bons h\u00e1bitos aprendidos na inf\u00e2ncia refletem na vida adulta - Inspire+","isPartOf":{"@id":"https:\/\/inspiremais.com\/blog\/#website"},"primaryImageOfPage":{"@id":"https:\/\/inspiremais.com\/blog\/dia-nacional-da-alimentacao-nas-escolas-os-bons-habitos-aprendidos-na-infancia-refletem-na-vida-adulta\/#primaryimage"},"image":{"@id":"https:\/\/inspiremais.com\/blog\/dia-nacional-da-alimentacao-nas-escolas-os-bons-habitos-aprendidos-na-infancia-refletem-na-vida-adulta\/#primaryimage"},"thumbnailUrl":"https:\/\/inspiremais.com\/blog\/wp-content\/uploads\/2024\/09\/Dia-Nacional-da-Alimentacao-nas-escolas-os-bons-habitos-aprendidos-na-infancia-refletem-na-vida-adulta_capa.png","datePublished":"2024-09-30T12:00:00+00:00","inLanguage":"pt-BR","potentialAction":[{"@type":"ReadAction","target":["https:\/\/inspiremais.com\/blog\/dia-nacional-da-alimentacao-nas-escolas-os-bons-habitos-aprendidos-na-infancia-refletem-na-vida-adulta\/"]}]},{"@type":"ImageObject","inLanguage":"pt-BR","@id":"https:\/\/inspiremais.com\/blog\/dia-nacional-da-alimentacao-nas-escolas-os-bons-habitos-aprendidos-na-infancia-refletem-na-vida-adulta\/#primaryimage","url":"https:\/\/inspiremais.com\/blog\/wp-content\/uploads\/2024\/09\/Dia-Nacional-da-Alimentacao-nas-escolas-os-bons-habitos-aprendidos-na-infancia-refletem-na-vida-adulta_capa.png","contentUrl":"https:\/\/inspiremais.com\/blog\/wp-content\/uploads\/2024\/09\/Dia-Nacional-da-Alimentacao-nas-escolas-os-bons-habitos-aprendidos-na-infancia-refletem-na-vida-adulta_capa.png","width":1080,"height":1080},{"@type":"WebSite","@id":"https:\/\/inspiremais.com\/blog\/#website","url":"https:\/\/inspiremais.com\/blog\/","name":"INSPIRE+","description":"Estrat\u00e9gias","publisher":{"@id":"https:\/\/inspiremais.com\/blog\/#organization"},"potentialAction":[{"@type":"SearchAction","target":{"@type":"EntryPoint","urlTemplate":"https:\/\/inspiremais.com\/blog\/?s={search_term_string}"},"query-input":{"@type":"PropertyValueSpecification","valueRequired":true,"valueName":"search_term_string"}}],"inLanguage":"pt-BR"},{"@type":"Organization","@id":"https:\/\/inspiremais.com\/blog\/#organization","name":"INSPIRE+ MARKETING EDUCACIONAL","url":"https:\/\/inspiremais.com\/blog\/","logo":{"@type":"ImageObject","inLanguage":"pt-BR","@id":"https:\/\/inspiremais.com\/blog\/#\/schema\/logo\/image\/","url":"https:\/\/inspiremais.com\/blog\/wp-content\/uploads\/2024\/11\/Apenas_Inspire-03.png","contentUrl":"https:\/\/inspiremais.com\/blog\/wp-content\/uploads\/2024\/11\/Apenas_Inspire-03.png","width":4501,"height":1279,"caption":"INSPIRE+ MARKETING EDUCACIONAL"},"image":{"@id":"https:\/\/inspiremais.com\/blog\/#\/schema\/logo\/image\/"},"sameAs":["https:\/\/www.facebook.com\/inspiremaismktdigital","https:\/\/www.instagram.com\/inspiremaisdigital"]},{"@type":"Person","@id":"https:\/\/inspiremais.com\/blog\/#\/schema\/person\/39171f1a702937d22a00d77cd67f8d3f","name":"Nilvo Ant\u00f4nio","image":{"@type":"ImageObject","inLanguage":"pt-BR","@id":"https:\/\/inspiremais.com\/blog\/#\/schema\/person\/image\/","url":"https:\/\/secure.gravatar.com\/avatar\/d6d4592a0f062f231b59f93314f9df660e75868c331a1cc19f4accf546806ead?s=96&d=mm&r=g","contentUrl":"https:\/\/secure.gravatar.com\/avatar\/d6d4592a0f062f231b59f93314f9df660e75868c331a1cc19f4accf546806ead?s=96&d=mm&r=g","caption":"Nilvo Ant\u00f4nio"},"description":"Head de Intelig\u00eancia de Mercado na Inspire+","url":"https:\/\/inspiremais.com\/blog\/author\/nilvo\/"}]}},"_links":{"self":[{"href":"https:\/\/inspiremais.com\/blog\/wp-json\/wp\/v2\/posts\/4597","targetHints":{"allow":["GET"]}}],"collection":[{"href":"https:\/\/inspiremais.com\/blog\/wp-json\/wp\/v2\/posts"}],"about":[{"href":"https:\/\/inspiremais.com\/blog\/wp-json\/wp\/v2\/types\/post"}],"author":[{"embeddable":true,"href":"https:\/\/inspiremais.com\/blog\/wp-json\/wp\/v2\/users\/6"}],"replies":[{"embeddable":true,"href":"https:\/\/inspiremais.com\/blog\/wp-json\/wp\/v2\/comments?post=4597"}],"version-history":[{"count":1,"href":"https:\/\/inspiremais.com\/blog\/wp-json\/wp\/v2\/posts\/4597\/revisions"}],"predecessor-version":[{"id":4599,"href":"https:\/\/inspiremais.com\/blog\/wp-json\/wp\/v2\/posts\/4597\/revisions\/4599"}],"wp:featuredmedia":[{"embeddable":true,"href":"https:\/\/inspiremais.com\/blog\/wp-json\/wp\/v2\/media\/4598"}],"wp:attachment":[{"href":"https:\/\/inspiremais.com\/blog\/wp-json\/wp\/v2\/media?parent=4597"}],"wp:term":[{"taxonomy":"category","embeddable":true,"href":"https:\/\/inspiremais.com\/blog\/wp-json\/wp\/v2\/categories?post=4597"},{"taxonomy":"post_tag","embeddable":true,"href":"https:\/\/inspiremais.com\/blog\/wp-json\/wp\/v2\/tags?post=4597"}],"curies":[{"name":"wp","href":"https:\/\/api.w.org\/{rel}","templated":true}]}}